{"id":1107,"date":"2023-04-12T06:46:12","date_gmt":"2023-04-12T06:46:12","guid":{"rendered":"https:\/\/devletialiyye.org.tr\/?p=1107"},"modified":"2025-02-25T20:45:22","modified_gmt":"2025-02-25T20:45:22","slug":"arife-cicegi-nedir","status":"publish","type":"post","link":"https:\/\/devletialiyye.org.tr\/en_us\/arife-cicegi-nedir\/","title":{"rendered":"AR\u0130FE \u00c7\u0130\u00c7E\u011e\u0130 NED\u0130R ?"},"content":{"rendered":"<p>&nbsp;<\/p>\n\n<h2>Arife \u00e7i\u00e7e\u011fi nedir ? Bilir misiniz dostlar ?<\/h2>\n<p>&nbsp;<\/p>\n<h3>\ud83c\udf39AR\u0130FE \u00c7\u0130\u00c7EG\u0130 \ud83c\udf39<\/h3>\n<p>OSMANLI da Mutlulu\u011fundan\u00a0\u00a0 Bayram\u0131\u00a0 bekleyemeyen\u00a0\u00a0 ve\u00a0 Arife g\u00fcn\u00fcnden bayraml\u0131klar\u0131n\u0131 giyen \u00e7ocuklara<\/p>\n<p>\ud83c\udf39 Arife \u00c7icekleri\u00a0 \ud83c\udf39 denilirdi.<\/p>\n<p>Sokaklarda mutlulukla dola\u015fan bu \u00e7ocuklar g\u00fclen y\u00fczleriyle insanlar\u0131n\u00a0 ne\u015fesi olurlard\u0131.<\/p>\n<p>&nbsp;<\/p>\n<p>Peki OSMANLI&#8217;DA bayraml\u0131\u011f\u0131n\u0131 alacak kimsesi olmayan yetim \u00e7ocuklar\u0131n boynu b\u00fck\u00fckm\u00fc kal\u0131rd\u0131?<\/p>\n<p>Hay\u0131rsever Ecdad\u0131m\u0131z\u00a0 yetim \u00e7ocuklar\u0131da d\u00fc\u015f\u00fcn\u00fcr onlara bayraml\u0131klar\u0131n\u0131 kalplerini k\u0131rmadan\u00a0 HEDIYE\u00a0\u00a0\u00a0 eder,\u00a0 ve\u00a0 bir \ud83c\udf39AR\u0130FE \u00c7\u0130\u00c7E\u011e\u0130\ud83c\udf39 olarak a\u00e7malar\u0131na vesile olurlard\u0131.<\/p>\n<p>Bizimde g\u00e2yemiz Ecdatlar\u0131m\u0131z\u0131n adetlerini devam ettirerek\u00a0 Bayram ruhuna uygun \u015fekilde b\u00fct\u00fcn \u00e7ocuklar\u0131m\u0131z\u0131 sevindirmektir.<\/p>\n<p>Siz hay\u0131rsever dostlar\u0131m\u0131z bu bayramda bir \u00e7ocu\u011fun\u00a0 y\u00fcz\u00fcnde tebess\u00fcm,\u00a0 kalbinde\u00a0 sevgi,heyecan olmak isterseniz bizimle irtibata gecebilirsiniz&#8230;<\/p>\n<p style=\"text-align: right;\">M\u00fcrsel ASILDAN<\/p>\n<p style=\"text-align: right;\">K\u00fctayha \u0130l Ba\u015fkan\u0131<\/p>\n<p>&nbsp;<\/p>\n","protected":false},"excerpt":{"rendered":"<p>AR\u0130FE \u00c7\u0130\u00c7E\u011e\u0130 Osmanl\u0131&#8217;n\u0131n Bayram \u00c7ocuklar\u0131 &#8230;<\/p>\n","protected":false},"author":1,"featured_media":1108,"comment_status":"closed","ping_status":"closed","sticky":false,"template":"","format":"standard","meta":{"footnotes":""},"categories":[68],"tags":[],"class_list":["post-1107","post","type-post","status-publish","format-standard","has-post-thumbnail","hentry","category-haberler"],"_links":{"self":[{"href":"https:\/\/devletialiyye.org.tr\/en_us\/wp-json\/wp\/v2\/posts\/1107","targetHints":{"allow":["GET"]}}],"collection":[{"href":"https:\/\/devletialiyye.org.tr\/en_us\/wp-json\/wp\/v2\/posts"}],"about":[{"href":"https:\/\/devletialiyye.org.tr\/en_us\/wp-json\/wp\/v2\/types\/post"}],"author":[{"embeddable":true,"href":"https:\/\/devletialiyye.org.tr\/en_us\/wp-json\/wp\/v2\/users\/1"}],"replies":[{"embeddable":true,"href":"https:\/\/devletialiyye.org.tr\/en_us\/wp-json\/wp\/v2\/comments?post=1107"}],"version-history":[{"count":1,"href":"https:\/\/devletialiyye.org.tr\/en_us\/wp-json\/wp\/v2\/posts\/1107\/revisions"}],"predecessor-version":[{"id":6223,"href":"https:\/\/devletialiyye.org.tr\/en_us\/wp-json\/wp\/v2\/posts\/1107\/revisions\/6223"}],"wp:featuredmedia":[{"embeddable":true,"href":"https:\/\/devletialiyye.org.tr\/en_us\/wp-json\/"}],"wp:attachment":[{"href":"https:\/\/devletialiyye.org.tr\/en_us\/wp-json\/wp\/v2\/media?parent=1107"}],"wp:term":[{"taxonomy":"category","embeddable":true,"href":"https:\/\/devletialiyye.org.tr\/en_us\/wp-json\/wp\/v2\/categories?post=1107"},{"taxonomy":"post_tag","embeddable":true,"href":"https:\/\/devletialiyye.org.tr\/en_us\/wp-json\/wp\/v2\/tags?post=1107"}],"curies":[{"name":"wp","href":"https:\/\/api.w.org\/{rel}","templated":true}]}}