{"id":1125,"date":"2023-04-23T21:03:38","date_gmt":"2023-04-23T21:03:38","guid":{"rendered":"https:\/\/devletialiyye.org.tr\/?p=1125"},"modified":"2025-02-25T20:45:22","modified_gmt":"2025-02-25T20:45:22","slug":"artvin-il-baskanligi-kudus-bizimdir","status":"publish","type":"post","link":"https:\/\/devletialiyye.org.tr\/en_us\/artvin-il-baskanligi-kudus-bizimdir\/","title":{"rendered":"Artvin \u0130l Ba\u015fkanl\u0131\u011f\u0131-KUD\u00dcS B\u0130Z\u0130MD\u0130R"},"content":{"rendered":"<p>Karde\u015flerimiz,<br \/>\nMaalesef her y\u0131l oldugu gibi bu y\u0131l da m\u00fcbarek Ramazan\u0131 Serif ay\u0131nda,yine terorist Israilin Haremi Serife postallar\u0131 ile girerek, ibadet halindeki savunmas\u0131z ve silahs\u0131z Musluman kardeslerimize sald\u0131rmas\u0131na sahit olduk.<\/p>\n<p>Bulundugu cografyay\u0131 kana bulayan bu siyonist teror orgutu, hic bir dini veya hukuki hassasiyet gozetmeksizin kendi bas\u0131na buyruk hareketle butun Ortadoguyu gozyas\u0131na mahkum ediyor. Maalesef bu durum tamamen Ummetin ve ummetin liderlerinin suskunlugundan kaynaklanmaktad\u0131r.Lakin sunu bilmelidirlerki zalimin zulmu hicbir zaman kars\u0131l\u0131ks\u0131z kalmad\u0131 yine kalmayacakt\u0131r.<\/p>\n<p>Buradan katil Israile sesleniyoruz, Once kendi tarihinize ard\u0131ndan bizim tarihimize iyi bak\u0131n. Bak\u0131n ki zulmun kars\u0131l\u0131ks\u0131z kalmad\u0131g\u0131n\u0131, mazlumlar\u0131n ah\u0131n\u0131n zalimlerden nas\u0131l al\u0131nd\u0131g\u0131n\u0131 gorun. Gorun ki mahremimize el uzatmay\u0131 akl\u0131n\u0131zdan bile gecirmeyin, gorun ki bu gune kadar yapt\u0131klar\u0131n\u0131z\u0131n burnunuzdan fitil fitil gelene kadar kars\u0131l\u0131klar\u0131n\u0131 alacag\u0131n\u0131z\u0131 anlay\u0131n.<\/p>\n<p>Hz Omer r.a efendimiz 636 da Kudusu fethettiginde Bizans boyundurugunda iniminim inliyordunuz zulmu biz durdurduk, bolgeyi sukuna gonulleri surura gark eyledik.Ilya\u2019y\u0131 Kudusu Serif yapt\u0131k.<\/p>\n<p>Daha sonra h\u0131rs ve tamah\u0131n\u0131zdan dolay\u0131 c\u0131kard\u0131g\u0131n\u0131z fitneler neticesindesebep oldugunuz88 y\u0131ll\u0131k Hacl\u0131 zulmune Sultan Selahaddin ile dur dedik.<\/p>\n<p>Bizim tarih boyunca girip ihya ettigimiz Haremi Serif ve Kudusu,siz tarih boyunca imha ettiniz.FakatfitneninkolgezdigiKudsuSerifibuseferdeHadimulHarameynEs-serifeyn Yavuz Sultan Selim Han ilesukunete kavusturduk.<\/p>\n<p>Bizim meslegimiz zalimin taht\u0131n\u0131 bas\u0131na gecirmektir. Sizin mesleginiz ise zulm ve haks\u0131zl\u0131k ile fitne fesad\u0131n kaynag\u0131 olmakt\u0131r. Lakin kars\u0131n\u0131zda Kudus ve Mescidi Aksay\u0131 ve dahi tum Ortadoguyu as\u0131rlarca adalet ve huzur ile muhafaza eden, idare eden, hicbir kars\u0131l\u0131k beklemeksizin ihya eden Osmanl\u0131 torunlar\u0131 vard\u0131r.<\/p>\n<p>Selahaddinler, Yavuzlar, Abdulhamidler tukendi zannetmeyin. Biz yine gelecegiz. Ihanet uzerine kurdugunuz saltanat\u0131n\u0131z\u0131 bas\u0131n\u0131za gecirmeye, gunahs\u0131z sabilerin gozyaslar\u0131n\u0131n,kan\u0131n\u0131 ak\u0131tt\u0131g\u0131n\u0131z kardeslerimizin hesab\u0131n\u0131 sormaya gelecegiz.<br \/>\nBu sefer oyle bir gelecegiz ki sizin kokunuzu kaz\u0131yacak, ak\u0131tt\u0131g\u0131n\u0131z kanda bogacak, yeniden Ortadoguda c\u0131ban bas\u0131 olmaman\u0131z icin cehennemin dibine yollamaya gelecegiz.<\/p>\n<p>Oyle gelecegiz ki arkas\u0131na saklanacak ne bir tas, ne de bir garkad agac\u0131 dahi bulamayacaks\u0131n\u0131z.<\/p>\n<p>Kudus bize Sultan Abdulhamid Han\u0131n miras\u0131ve emanetidir.Bugun olacaklar\u0131 tahmin ettigi icin hayat\u0131 pahas\u0131na Kudus ve Mescidi Aksay\u0131 Yahudi tasallutundan koruyan Abdulhamid Han\u0131 tahttan indirdiler, sonras\u0131 malum. Kan ve gozyas\u0131, sonmus ocaklar,oksuz veyetimkalan yavrular, sahipsiz kalan bac\u0131lar, zindanlarda geceny\u0131llar. K\u0131saca Abdulhamid Handan sonra bolgede ac\u0131 dinmedi.<br \/>\nPeki emanet sahipsiz mi? Asla. Asla Abdulhamid Han\u0131n emaneti sahipsiz degil. Rasulullah s.a.v efendimizin emaneti sahipsiz degil, Selahaddinin, Yavuzun emaneti sahipsiz degil.Nas\u0131l 636 da girdi isek,1071 de, 1187 de, 1516 da girdi isek bugun de Kuduse, Mescidi Aksaya haz\u0131rlan\u0131yoruz, onun icin gayret ediyoruz, gecemizi gunduzumuze kat\u0131p yine girecek ve zalimin taht\u0131n\u0131 bas\u0131na gecirecegiz.<\/p>\n<p>Mujdeler olsun kardeslerim, zulmun sonu gelmis, zalimin zulmu bir milletin uyan\u0131s\u0131na sebep olmustur. Nas\u0131l Ayasofyay\u0131 act\u0131 isek s\u0131rada ozgur Mescidi Aksa da k\u0131l\u0131nacak namazlar\u0131m\u0131z\u0131 var. Zaman ve zemin haz\u0131r, sefere c\u0131kacak ordunun neferleri olarak sizlere mujdeler olsun. Rabbim en k\u0131sa zamanda Mescidi Aksa da fatih komutanlar ve fethin aslanlar\u0131 ile sukur secdelerine kapanmay\u0131 cumlemize nasip eylesin. Cumam\u0131z ve Ramazan\u0131m\u0131z mubarek olsun, butun dunyada zalimler kahrolsun, onlar\u0131n kahrolmas\u0131nada yine Osmanl\u0131 torunlar\u0131 olarak bizleri vesile k\u0131ls\u0131n\u00a0Rabbimiz&#8230;<\/p>\n<p>&nbsp;<\/p>\n<p><img fetchpriority=\"high\" decoding=\"async\" class=\"aligncenter wp-image-1128\" src=\"https:\/\/devletialiyye.org.tr\/wp-content\/uploads\/2023\/04\/WhatsApp-Gorsel-2023-04-11-saat-22.58.29-300x225.jpg\" alt=\"\" width=\"656\" height=\"492\" \/><\/p>\n","protected":false},"excerpt":{"rendered":"<p>Karde\u015flerimiz, Maalesef her y\u0131l oldugu gibi bu y\u0131l da m\u00fcbarek Ramazan\u0131 Serif ay\u0131nda,yine terorist Israilin Haremi Serife postallar\u0131 ile girerek, ibadet halindeki savunmas\u0131z ve silahs\u0131z Musluman kardeslerimize sald\u0131rmas\u0131na sahit olduk. Bulundugu cografyay\u0131 kana bulayan bu siyonist teror orgutu, hic bir dini veya hukuki hassasiyet gozetmeksizin kendi bas\u0131na buyruk hareketle butun Ortadoguyu gozyas\u0131na mahkum ediyor. Maalesef [&hellip;]<\/p>\n","protected":false},"author":1,"featured_media":1127,"comment_status":"closed","ping_status":"closed","sticky":false,"template":"","format":"standard","meta":{"footnotes":""},"categories":[68],"tags":[],"class_list":["post-1125","post","type-post","status-publish","format-standard","has-post-thumbnail","hentry","category-haberler"],"_links":{"self":[{"href":"https:\/\/devletialiyye.org.tr\/en_us\/wp-json\/wp\/v2\/posts\/1125","targetHints":{"allow":["GET"]}}],"collection":[{"href":"https:\/\/devletialiyye.org.tr\/en_us\/wp-json\/wp\/v2\/posts"}],"about":[{"href":"https:\/\/devletialiyye.org.tr\/en_us\/wp-json\/wp\/v2\/types\/post"}],"author":[{"embeddable":true,"href":"https:\/\/devletialiyye.org.tr\/en_us\/wp-json\/wp\/v2\/users\/1"}],"replies":[{"embeddable":true,"href":"https:\/\/devletialiyye.org.tr\/en_us\/wp-json\/wp\/v2\/comments?post=1125"}],"version-history":[{"count":1,"href":"https:\/\/devletialiyye.org.tr\/en_us\/wp-json\/wp\/v2\/posts\/1125\/revisions"}],"predecessor-version":[{"id":6222,"href":"https:\/\/devletialiyye.org.tr\/en_us\/wp-json\/wp\/v2\/posts\/1125\/revisions\/6222"}],"wp:featuredmedia":[{"embeddable":true,"href":"https:\/\/devletialiyye.org.tr\/en_us\/wp-json\/"}],"wp:attachment":[{"href":"https:\/\/devletialiyye.org.tr\/en_us\/wp-json\/wp\/v2\/media?parent=1125"}],"wp:term":[{"taxonomy":"category","embeddable":true,"href":"https:\/\/devletialiyye.org.tr\/en_us\/wp-json\/wp\/v2\/categories?post=1125"},{"taxonomy":"post_tag","embeddable":true,"href":"https:\/\/devletialiyye.org.tr\/en_us\/wp-json\/wp\/v2\/tags?post=1125"}],"curies":[{"name":"wp","href":"https:\/\/api.w.org\/{rel}","templated":true}]}}