{"id":1168,"date":"2023-04-23T21:49:20","date_gmt":"2023-04-23T21:49:20","guid":{"rendered":"https:\/\/devletialiyye.org.tr\/?p=1168"},"modified":"2025-02-25T20:45:22","modified_gmt":"2025-02-25T20:45:22","slug":"deprem-bolgesi-yardimlari-adana","status":"publish","type":"post","link":"https:\/\/devletialiyye.org.tr\/en_us\/deprem-bolgesi-yardimlari-adana\/","title":{"rendered":"DEPREM B\u00d6LGES\u0130 YARDIMLARI-ADANA"},"content":{"rendered":"<p>Devlet-i Aliyye Ocaklar\u0131 Adana \u0130l Ba\u015fkanl\u0131\u011f\u0131 olarak ilk g\u00fcnden beri hem ilimizde hemde depremden etkilenen di\u011fer illerimizde genel merkezimiz ve di\u011fer ilba\u015fkanl\u0131klar\u0131m\u0131z , ba\u011f\u0131\u015f\u00e7\u0131lar\u0131m\u0131z ile birlikte m\u00fcbarek Ramazan Bayram\u0131n\u0131 kar\u015f\u0131lamaya haz\u0131rland\u0131\u011f\u0131m\u0131z bu g\u00fcnlerde her ne kadar buruk ve h\u00fcz\u00fcnl\u00fc ge\u00e7ecek olsada b\u00f6lgelerimizde depremden etkilenen karde\u015flerimizin yaralar\u0131n\u0131 sar\u0131yoruz, sarmaya devam edece\u011fiz.<\/p>\n<p>Adana il ba\u015fkan\u0131m\u0131z Salih TOY bey&#8217;e Genel Sekreter Yard\u0131mc\u0131m\u0131z Serkan \u015eeng\u00fcn bey&#8217;e ve te\u015fkilat\u0131m\u0131za mensup bu organizasyonun haz\u0131rlanmas\u0131nda eme\u011fi ge\u00e7en herkese te\u015fkk\u00fcr ederiz. Allah hepinizden raz\u0131 olsun.<\/p>\n<p><img fetchpriority=\"high\" decoding=\"async\" class=\"size-medium wp-image-1169 alignleft\" src=\"https:\/\/devletialiyye.org.tr\/wp-content\/uploads\/2023\/04\/2yE8jzMpFAf1SnfWNPnv-jWNAva29aWAknmXmCsr_b0_plaintext_638170670080091101-300x225.jpg\" alt=\"\" width=\"300\" height=\"225\" \/><img decoding=\"async\" class=\"size-medium wp-image-1170 alignleft\" src=\"https:\/\/devletialiyye.org.tr\/wp-content\/uploads\/2023\/04\/2yE8jzMpFAf1SnfWNPnv-jWNAva29aWAknmXmCsr_b0_plaintext_638170670085895171-300x225.jpg\" alt=\"\" width=\"300\" height=\"225\" \/><img decoding=\"async\" class=\" wp-image-1171 alignleft\" src=\"https:\/\/devletialiyye.org.tr\/wp-content\/uploads\/2023\/04\/IMG-20230414-WA0009-300x200.jpg\" alt=\"\" width=\"335\" height=\"223\" \/><img loading=\"lazy\" decoding=\"async\" class=\" wp-image-1172 alignleft\" src=\"https:\/\/devletialiyye.org.tr\/wp-content\/uploads\/2023\/04\/IMG-20230414-WA0010-200x300.jpg\" alt=\"\" width=\"148\" height=\"223\" \/><img loading=\"lazy\" decoding=\"async\" class=\" wp-image-1173 alignleft\" src=\"https:\/\/devletialiyye.org.tr\/wp-content\/uploads\/2023\/04\/IMG-20230414-WA0011-300x200.jpg\" alt=\"\" width=\"329\" height=\"219\" \/><\/p>\n<p>&nbsp;<\/p>\n<p>&nbsp;<\/p>\n<p>&nbsp;<\/p>\n<p>&nbsp;<\/p>\n<p>&nbsp;<\/p>\n<p>&nbsp;<\/p>\n<p>&nbsp;<\/p>\n<div style=\"width: 640px;\" class=\"wp-video\"><video class=\"wp-video-shortcode\" id=\"video-1168-1\" width=\"640\" height=\"352\" preload=\"metadata\" controls=\"controls\"><source type=\"video\/mp4\" src=\"https:\/\/devletialiyye.org.tr\/wp-content\/uploads\/2023\/04\/WhatsApp-Video-2023-04-13-saat-21.25.52.mp4?_=1\" \/><a href=\"https:\/\/devletialiyye.org.tr\/wp-content\/uploads\/2023\/04\/WhatsApp-Video-2023-04-13-saat-21.25.52.mp4\">https:\/\/devletialiyye.org.tr\/wp-content\/uploads\/2023\/04\/WhatsApp-Video-2023-04-13-saat-21.25.52.mp4<\/a><\/video><\/div>\n<p>&nbsp;<\/p>\n<p><img loading=\"lazy\" decoding=\"async\" class=\"size-medium wp-image-1180 alignleft\" src=\"https:\/\/devletialiyye.org.tr\/wp-content\/uploads\/2023\/04\/IMG-20230414-WA0018-300x200.jpg\" alt=\"\" width=\"300\" height=\"200\" \/><img loading=\"lazy\" decoding=\"async\" class=\"size-medium wp-image-1179 alignleft\" src=\"https:\/\/devletialiyye.org.tr\/wp-content\/uploads\/2023\/04\/IMG-20230414-WA0017-300x200.jpg\" alt=\"\" width=\"300\" height=\"200\" \/><img loading=\"lazy\" decoding=\"async\" class=\" wp-image-1178 alignleft\" src=\"https:\/\/devletialiyye.org.tr\/wp-content\/uploads\/2023\/04\/IMG-20230414-WA0016-300x225.jpg\" alt=\"\" width=\"272\" height=\"204\" \/><img loading=\"lazy\" decoding=\"async\" class=\"size-medium wp-image-1177 alignleft\" src=\"https:\/\/devletialiyye.org.tr\/wp-content\/uploads\/2023\/04\/IMG-20230414-WA0015-300x200.jpg\" alt=\"\" width=\"300\" height=\"200\" \/><img loading=\"lazy\" decoding=\"async\" class=\"size-medium wp-image-1176 alignleft\" src=\"https:\/\/devletialiyye.org.tr\/wp-content\/uploads\/2023\/04\/IMG-20230414-WA0014-300x200.jpg\" alt=\"\" width=\"300\" height=\"200\" \/><\/p>\n","protected":false},"excerpt":{"rendered":"<p>Devlet-i Aliyye Ocaklar\u0131 Adana \u0130l Ba\u015fkanl\u0131\u011f\u0131 olarak ilk g\u00fcnden beri hem ilimizde hemde depremden etkilenen di\u011fer illerimizde genel merkezimiz ve di\u011fer ilba\u015fkanl\u0131klar\u0131m\u0131z , ba\u011f\u0131\u015f\u00e7\u0131lar\u0131m\u0131z ile birlikte m\u00fcbarek Ramazan Bayram\u0131n\u0131 kar\u015f\u0131lamaya haz\u0131rland\u0131\u011f\u0131m\u0131z bu g\u00fcnlerde her ne kadar buruk ve h\u00fcz\u00fcnl\u00fc ge\u00e7ecek olsada b\u00f6lgelerimizde depremden etkilenen karde\u015flerimizin yaralar\u0131n\u0131 sar\u0131yoruz, sarmaya devam edece\u011fiz. Adana il ba\u015fkan\u0131m\u0131z Salih TOY [&hellip;]<\/p>\n","protected":false},"author":1,"featured_media":1182,"comment_status":"closed","ping_status":"closed","sticky":false,"template":"","format":"standard","meta":{"footnotes":""},"categories":[67],"tags":[],"class_list":["post-1168","post","type-post","status-publish","format-standard","has-post-thumbnail","hentry","category-etkinlikler"],"_links":{"self":[{"href":"https:\/\/devletialiyye.org.tr\/en_us\/wp-json\/wp\/v2\/posts\/1168","targetHints":{"allow":["GET"]}}],"collection":[{"href":"https:\/\/devletialiyye.org.tr\/en_us\/wp-json\/wp\/v2\/posts"}],"about":[{"href":"https:\/\/devletialiyye.org.tr\/en_us\/wp-json\/wp\/v2\/types\/post"}],"author":[{"embeddable":true,"href":"https:\/\/devletialiyye.org.tr\/en_us\/wp-json\/wp\/v2\/users\/1"}],"replies":[{"embeddable":true,"href":"https:\/\/devletialiyye.org.tr\/en_us\/wp-json\/wp\/v2\/comments?post=1168"}],"version-history":[{"count":1,"href":"https:\/\/devletialiyye.org.tr\/en_us\/wp-json\/wp\/v2\/posts\/1168\/revisions"}],"predecessor-version":[{"id":6218,"href":"https:\/\/devletialiyye.org.tr\/en_us\/wp-json\/wp\/v2\/posts\/1168\/revisions\/6218"}],"wp:featuredmedia":[{"embeddable":true,"href":"https:\/\/devletialiyye.org.tr\/en_us\/wp-json\/"}],"wp:attachment":[{"href":"https:\/\/devletialiyye.org.tr\/en_us\/wp-json\/wp\/v2\/media?parent=1168"}],"wp:term":[{"taxonomy":"category","embeddable":true,"href":"https:\/\/devletialiyye.org.tr\/en_us\/wp-json\/wp\/v2\/categories?post=1168"},{"taxonomy":"post_tag","embeddable":true,"href":"https:\/\/devletialiyye.org.tr\/en_us\/wp-json\/wp\/v2\/tags?post=1168"}],"curies":[{"name":"wp","href":"https:\/\/api.w.org\/{rel}","templated":true}]}}