{"id":797,"date":"2023-03-25T22:29:25","date_gmt":"2023-03-25T22:29:25","guid":{"rendered":"https:\/\/devletialiyye.org.tr\/?p=797"},"modified":"2025-02-25T20:45:22","modified_gmt":"2025-02-25T20:45:22","slug":"veren-el-alan-elden-ustundur","status":"publish","type":"post","link":"https:\/\/devletialiyye.org.tr\/en_us\/veren-el-alan-elden-ustundur\/","title":{"rendered":"Veren El Alan Elden \u00dcst\u00fcnd\u00fcr!"},"content":{"rendered":"<p>Sevdi\u011finiz \u015feylerden Allah yolunda harcamad\u0131k\u00e7a iyili\u011fe asla eri\u015femezsiniz. Her ne harcarsan\u0131z Allah onu bilir (\u00c2l-i \u0130mran,3\/92)<\/p>\n<p>&nbsp;<\/p>\n<p>Kahramanmara\u015f merkezli 11 ili etkileyen depremlerde en \u00e7ok hasar\u0131 alan Hatay i\u00e7in t\u00fcm T\u00fcrkiye&#8217;nin oldu\u011fu gibi Devlet-i Aliyye Ocaklar\u0131 olarak bizde ba\u015fta Hatay olmak \u00fczere t\u00fcm b\u00f6lgelerimizde aktif yard\u0131m faaliyetlerimizi s\u00fcrd\u00fcrmeye devam ediyoruz.<\/p>\n<p>Bu kapsamda Adana \u0130l Ba\u015fkanl\u0131\u011f\u0131m\u0131z Hatay ilimizde y\u00fcr\u00fctt\u00fc\u011f\u00fc \u00e7al\u0131\u015fmalar kapsama\u0131nda erzak yard\u0131m\u0131 faliyetini y\u00fcrtt\u00fck. Ba\u015fta Adana il ba\u015fkan\u0131m\u0131z Say\u0131n Salih TOY olmak \u00fczere Adana ekibimizde faaliyet g\u00f6steren t\u00fcm arkada\u015flar\u0131m\u0131za ve bu erzak konvoyunun yola \u00e7\u0131kmas\u0131nda maddi manevi eme\u011fi ge\u00e7en herkese y\u00fcrekten te\u015fekk\u00fcr ediyoruz.<\/p>\n<p><img fetchpriority=\"high\" decoding=\"async\" class=\"alignnone size-medium wp-image-798 alignright\" src=\"https:\/\/devletialiyye.org.tr\/wp-content\/uploads\/2023\/03\/IMG-20230326-WA0008-Copy-300x169.jpg\" alt=\"\" width=\"300\" height=\"169\" \/><img decoding=\"async\" class=\"alignnone size-medium wp-image-799 alignright\" src=\"https:\/\/devletialiyye.org.tr\/wp-content\/uploads\/2023\/03\/IMG-20230326-WA0008-300x169.jpg\" alt=\"\" width=\"300\" height=\"169\" \/><img decoding=\"async\" class=\"alignnone size-medium wp-image-800 alignright\" src=\"https:\/\/devletialiyye.org.tr\/wp-content\/uploads\/2023\/03\/IMG-20230326-WA0009-300x169.jpg\" alt=\"\" width=\"300\" height=\"169\" \/><img loading=\"lazy\" decoding=\"async\" class=\"alignnone size-medium wp-image-801 alignright\" src=\"https:\/\/devletialiyye.org.tr\/wp-content\/uploads\/2023\/03\/IMG-20230326-WA0010-300x169.jpg\" alt=\"\" width=\"300\" height=\"169\" \/><\/p>\n","protected":false},"excerpt":{"rendered":"<p>Adana \u0130l Ba\u015fkanl\u0131\u011f\u0131m\u0131zdan deprem b\u00f6lgelerine erzak da\u011f\u0131t\u0131m\u0131 devam ediyor.<\/p>\n","protected":false},"author":1,"featured_media":802,"comment_status":"closed","ping_status":"closed","sticky":false,"template":"","format":"standard","meta":{"footnotes":""},"categories":[68],"tags":[],"class_list":["post-797","post","type-post","status-publish","format-standard","has-post-thumbnail","hentry","category-haberler"],"_links":{"self":[{"href":"https:\/\/devletialiyye.org.tr\/en_us\/wp-json\/wp\/v2\/posts\/797","targetHints":{"allow":["GET"]}}],"collection":[{"href":"https:\/\/devletialiyye.org.tr\/en_us\/wp-json\/wp\/v2\/posts"}],"about":[{"href":"https:\/\/devletialiyye.org.tr\/en_us\/wp-json\/wp\/v2\/types\/post"}],"author":[{"embeddable":true,"href":"https:\/\/devletialiyye.org.tr\/en_us\/wp-json\/wp\/v2\/users\/1"}],"replies":[{"embeddable":true,"href":"https:\/\/devletialiyye.org.tr\/en_us\/wp-json\/wp\/v2\/comments?post=797"}],"version-history":[{"count":1,"href":"https:\/\/devletialiyye.org.tr\/en_us\/wp-json\/wp\/v2\/posts\/797\/revisions"}],"predecessor-version":[{"id":6233,"href":"https:\/\/devletialiyye.org.tr\/en_us\/wp-json\/wp\/v2\/posts\/797\/revisions\/6233"}],"wp:featuredmedia":[{"embeddable":true,"href":"https:\/\/devletialiyye.org.tr\/en_us\/wp-json\/"}],"wp:attachment":[{"href":"https:\/\/devletialiyye.org.tr\/en_us\/wp-json\/wp\/v2\/media?parent=797"}],"wp:term":[{"taxonomy":"category","embeddable":true,"href":"https:\/\/devletialiyye.org.tr\/en_us\/wp-json\/wp\/v2\/categories?post=797"},{"taxonomy":"post_tag","embeddable":true,"href":"https:\/\/devletialiyye.org.tr\/en_us\/wp-json\/wp\/v2\/tags?post=797"}],"curies":[{"name":"wp","href":"https:\/\/api.w.org\/{rel}","templated":true}]}}