{"id":1540,"date":"2024-03-05T06:48:52","date_gmt":"2024-03-05T06:48:52","guid":{"rendered":"https:\/\/devletialiyye.org.tr\/?p=1540"},"modified":"2025-02-25T20:45:21","modified_gmt":"2025-02-25T20:45:21","slug":"turkiyenin-kara-gunu-3-mart","status":"publish","type":"post","link":"https:\/\/devletialiyye.org.tr\/tr\/turkiyenin-kara-gunu-3-mart\/","title":{"rendered":"T\u00fcrkiye&#8217;nin Kara G\u00fcn\u00fc 3 MART"},"content":{"rendered":"<p>[vc_row][vc_column][vc_column_text css_animation=&#8221;fadeInDown&#8221;]&#8221;Osmanl\u0131 Hanedan\u0131&#8217;n\u0131n S\u00fcrg\u00fcn\u00fc: T\u00fcrkiye&#8217;nin Kara G\u00fcn\u00fc&#8221;<\/p>\n<p>Bug\u00fcn, Sakarya&#8217;da ger\u00e7ekle\u015ftirilen etkinlikte, Osmanl\u0131 Hanedan\u0131&#8217;n\u0131n s\u00fcrg\u00fcn edili\u015finin 100. y\u0131l d\u00f6n\u00fcm\u00fc an\u0131s\u0131na bir program organize edildi. Adapazar\u0131 K\u00fclt\u00fcr Merkezi&#8217;nde d\u00fczenlenen etkinli\u011fe, II. Abd\u00fclhamit Han&#8217;\u0131n torunu Abdulhamid Kay\u0131han Osmano\u011flu ve Devlet-i Aliyye Ocaklar\u0131 Genel Ba\u015fkan Vekili Ahmet Zahit Dizdar da kat\u0131ld\u0131. Devlet-i Aliyye Ocaklar\u0131 taraf\u0131ndan d\u00fczenlenen panel, b\u00fcy\u00fck ilgi g\u00f6rd\u00fc.<\/p>\n<p>Panelin konusu, &#8220;Osmanl\u0131 Hanedan\u0131n\u0131n S\u00fcrg\u00fcn\u00fcn 100. Y\u0131l\u0131nda T\u00fcrkiye&#8217;nin Kara G\u00fcn\u00fc: 3 Mart Hanedan S\u00fcrg\u00fcn\u00fc&#8221; olarak belirlenirken, \u015eehzade Abd\u00fclhamid Kay\u0131han Osmano\u011flu&#8217;nun konu\u015fmas\u0131 b\u00fcy\u00fck bir dikkatle dinlendi.<\/p>\n<p>Osmano\u011flu, konu\u015fmas\u0131nda, &#8220;Devlet-i Aliyye&#8217;ye ihanet edenler, Osmano\u011fullar\u0131&#8217;na hainlik edenlerin hi\u00e7biri huzur i\u00e7inde \u00f6lmedi. Tarih buna \u015fahittir.&#8221; ifadelerini kulland\u0131.<\/p>\n<p>&#8220;Siz bizi s\u00fcrg\u00fcn edebilirsiniz, ancak bu milletin g\u00f6nl\u00fcnden silemezsiniz&#8221; diyerek s\u00f6zlerine devam eden Osmano\u011flu, &#8220;Bug\u00fcn 3 Mart&#8230; Tam 100 y\u0131l \u00f6nce dedem Osman Gazi Han&#8217;\u0131n k\u0131l\u0131\u00e7la ald\u0131\u011f\u0131 topraklardan, Osman Gazi Han&#8217;\u0131n torunlar\u0131 silah zoruyla s\u00fcr\u00fcld\u00fc. Bizleri s\u00fcrg\u00fcn edebilirsiniz ama bu asil milletin g\u00f6nl\u00fcnden silemezsiniz.&#8221; \u015feklinde konu\u015ftu.<\/p>\n<p>Panelde ayr\u0131ca Devlet-i Aliyye Ocaklar\u0131 Genel Ba\u015fkan Vekili Ahmet Zahit Dizdar&#8217;\u0131n da konu\u015fmas\u0131 b\u00fcy\u00fck bir ilgiyle takip edildi.<\/p>\n<p>[\/vc_column_text][\/vc_column][\/vc_row][vc_row][vc_column][vc_gallery interval=&#8221;3&#8243; images=&#8221;1542,1543,1544,1545,1546,1547&#8243; img_size=&#8221;1920&#215;1080&#8243; title=&#8221;Resim Galerisi&#8221;][\/vc_column][\/vc_row]<\/p>","protected":false},"excerpt":{"rendered":"<p>[vc_row][vc_column][vc_column_text css_animation=&#8221;fadeInDown&#8221;]&#8221;Osmanl\u0131 Hanedan\u0131&#8217;n\u0131n S\u00fcrg\u00fcn\u00fc: T\u00fcrkiye&#8217;nin Kara G\u00fcn\u00fc&#8221; Bug\u00fcn, Sakarya&#8217;da ger\u00e7ekle\u015ftirilen etkinlikte, Osmanl\u0131 Hanedan\u0131&#8217;n\u0131n s\u00fcrg\u00fcn edili\u015finin 100. y\u0131l d\u00f6n\u00fcm\u00fc an\u0131s\u0131na bir program organize edildi. Adapazar\u0131 K\u00fclt\u00fcr Merkezi&#8217;nde d\u00fczenlenen etkinli\u011fe, II. Abd\u00fclhamit Han&#8217;\u0131n torunu Abdulhamid Kay\u0131han Osmano\u011flu ve Devlet-i Aliyye Ocaklar\u0131 Genel Ba\u015fkan Vekili Ahmet Zahit Dizdar da kat\u0131ld\u0131. Devlet-i Aliyye Ocaklar\u0131 taraf\u0131ndan d\u00fczenlenen panel, b\u00fcy\u00fck ilgi [&hellip;]<\/p>","protected":false},"author":1,"featured_media":1549,"comment_status":"closed","ping_status":"closed","sticky":false,"template":"","format":"standard","meta":{"footnotes":""},"categories":[66,67,68],"tags":[70,71,75,79,84],"class_list":["post-1540","post","type-post","status-publish","format-standard","has-post-thumbnail","hentry","category-duyurular","category-etkinlikler","category-haberler","tag-devletialiyyeocaklari","tag-hanedan","tag-osmanli","tag-sultanabdulhamid","tag-surgun"],"_links":{"self":[{"href":"https:\/\/devletialiyye.org.tr\/tr\/wp-json\/wp\/v2\/posts\/1540","targetHints":{"allow":["GET"]}}],"collection":[{"href":"https:\/\/devletialiyye.org.tr\/tr\/wp-json\/wp\/v2\/posts"}],"about":[{"href":"https:\/\/devletialiyye.org.tr\/tr\/wp-json\/wp\/v2\/types\/post"}],"author":[{"embeddable":true,"href":"https:\/\/devletialiyye.org.tr\/tr\/wp-json\/wp\/v2\/users\/1"}],"replies":[{"embeddable":true,"href":"https:\/\/devletialiyye.org.tr\/tr\/wp-json\/wp\/v2\/comments?post=1540"}],"version-history":[{"count":1,"href":"https:\/\/devletialiyye.org.tr\/tr\/wp-json\/wp\/v2\/posts\/1540\/revisions"}],"predecessor-version":[{"id":6198,"href":"https:\/\/devletialiyye.org.tr\/tr\/wp-json\/wp\/v2\/posts\/1540\/revisions\/6198"}],"wp:featuredmedia":[{"embeddable":true,"href":"https:\/\/devletialiyye.org.tr\/tr\/wp-json\/"}],"wp:attachment":[{"href":"https:\/\/devletialiyye.org.tr\/tr\/wp-json\/wp\/v2\/media?parent=1540"}],"wp:term":[{"taxonomy":"category","embeddable":true,"href":"https:\/\/devletialiyye.org.tr\/tr\/wp-json\/wp\/v2\/categories?post=1540"},{"taxonomy":"post_tag","embeddable":true,"href":"https:\/\/devletialiyye.org.tr\/tr\/wp-json\/wp\/v2\/tags?post=1540"}],"curies":[{"name":"wp","href":"https:\/\/api.w.org\/{rel}","templated":true}]}}