{"id":2026,"date":"2024-07-01T21:32:22","date_gmt":"2024-07-01T18:32:22","guid":{"rendered":"https:\/\/devletialiyye.org.tr\/?p=2026"},"modified":"2025-02-25T20:45:21","modified_gmt":"2025-02-25T20:45:21","slug":"01-07-2024-basin-aciklamasi","status":"publish","type":"post","link":"https:\/\/devletialiyye.org.tr\/tr\/01-07-2024-basin-aciklamasi\/","title":{"rendered":"01.07.2024 BASIN A\u00c7IKLAMASI"},"content":{"rendered":"<h5><strong>\u00dclkemiz, son g\u00fcnlerde i\u00e7inde bulundu\u011fumuz hassas s\u00fcre\u00e7te, maalesef bir dizi \u00fcz\u00fcc\u00fc olaya tan\u0131kl\u0131k etmi\u015ftir. \u00d6ncelikle, Kayseri&#8217;de bir Suriyeli taraf\u0131ndan be\u015f ya\u015f\u0131ndaki bir k\u0131z \u00e7ocu\u011funun taciz edilmesi olay\u0131yla derin bir \u00fcz\u00fcnt\u00fc ve endi\u015fe i\u00e7indeyiz. Bu t\u00fcr \u00e7irkin sald\u0131r\u0131lar, insanl\u0131k onuruna ve \u00e7ocuk haklar\u0131na yap\u0131lm\u0131\u015f bir ihanettir. Toplum olarak b\u00f6ylesine vah\u015fi eylemleri k\u0131n\u0131yor ve en sert \u015fekilde lanetliyoruz.<\/strong><\/h5>\n<p style=\"text-align: center;\"><strong>Ayn\u0131 \u015fekilde, Suriye&#8217;nin kuzeyinde bayra\u011f\u0131m\u0131za y\u00f6nelik sald\u0131r\u0131lar\u0131 en sert \u015fekilde k\u0131n\u0131yoruz. Bayra\u011f\u0131m\u0131z, milletimizin birli\u011fini ve beraberli\u011fini temsil etmektedir <\/strong><strong>ve bu t\u00fcr eylemler asla kabul edilemez.<\/strong><\/p>\n<h5><strong>\u00dclkemiz taraf\u0131ndan Suriye&#8217;ye sa\u011flanan insani yard\u0131mlar\u0131n ve T\u00fcrk yard\u0131m kurulu\u015flar\u0131n\u0131n \u00e7al\u0131\u015fmalar\u0131n\u0131n hedef al\u0131nmas\u0131 sivil \u015fof\u00f6rlerin hedef olmas\u0131 devletimize ait kamu ara\u00e7lar\u0131n\u0131n sald\u0131r\u0131ya u\u011framas\u0131 da ayr\u0131ca k\u0131nanmas\u0131 gereken bir durumdur. Bu yard\u0131mlar, sava\u015f\u0131n ma\u011fdurlar\u0131na umut olmak i\u00e7in g\u00f6nderilmekte ve insanl\u0131k onurunu koruma amac\u0131 ta\u015f\u0131maktad\u0131r.<\/strong><\/h5>\n<h5><strong>Bu \u00e7er\u00e7evede yukar\u0131da bahsi ge\u00e7en olaylar\u0131 en g\u00fc\u00e7l\u00fc \u015fekilde k\u0131n\u0131yoruz. Sorumlular\u0131n cezaland\u0131r\u0131lmas\u0131n\u0131 ve gerekli t\u00fcm yapt\u0131r\u0131mlar\u0131n bir an \u00f6nce uygulanmas\u0131n\u0131 yetkili mercilerden talep ediyoruz. Bu t\u00fcr \u015fiddet ve sald\u0131r\u0131 eylemleri, bar\u0131\u015f ve huzur i\u00e7inde bir arada ya\u015fama irademize zarar vermektedir.<\/strong><\/h5>\n<h5><strong>T\u00fcm bu \u00fcz\u00fcc\u00fc olaylar kar\u015f\u0131s\u0131nda, devletimizin ve toplumumuzun birlik ve beraberlik i\u00e7inde olmas\u0131, adaletin tecellisi ve ma\u011fdur olan herkesin hak etti\u011fi deste\u011fi g\u00f6rmesi gereklidir. Millet olarak birlikte daha g\u00fc\u00e7l\u00fcy\u00fcz ve bu t\u00fcr zor zamanlarda birbirimize destek olmak, ortak de\u011ferlerimizi korumak en b\u00fcy\u00fck sorumlulu\u011fumuzdur.<\/strong><\/h5>\n<h5><strong>Kamuoyuna sayg\u0131yla duyurulur.&#8221;<\/strong><\/h5>\n<p>&nbsp;<\/p>\n<blockquote>\n<h5><strong>Genel Ba\u015fkan\u0131m\u0131z \u015eehzade Abd\u00fclhamid Kay\u0131han OSMANO\u011eLU&#8217;un g\u00fcndeme dair a\u00e7\u0131klamas\u0131na X Platformu \u00fczerinde ki profilinden <a href=\"https:\/\/x.com\/osmanoglu_79\/status\/1807834797731205501?t=oKNDy5KOexyE0M2qs7WIWw&amp;s=08\">ula\u015fmak i\u00e7in t\u0131klay\u0131n\u0131z.<\/a><\/strong><\/h5>\n<\/blockquote>","protected":false},"excerpt":{"rendered":"<p>\u00dclkemiz, son g\u00fcnlerde i\u00e7inde bulundu\u011fumuz hassas s\u00fcre\u00e7te, maalesef bir dizi \u00fcz\u00fcc\u00fc olaya tan\u0131kl\u0131k etmi\u015ftir. \u00d6ncelikle, Kayseri&#8217;de bir Suriyeli taraf\u0131ndan be\u015f ya\u015f\u0131ndaki bir k\u0131z \u00e7ocu\u011funun taciz edilmesi olay\u0131yla derin bir \u00fcz\u00fcnt\u00fc ve endi\u015fe i\u00e7indeyiz. Bu t\u00fcr \u00e7irkin sald\u0131r\u0131lar, insanl\u0131k onuruna ve \u00e7ocuk haklar\u0131na yap\u0131lm\u0131\u015f bir ihanettir. Toplum olarak b\u00f6ylesine vah\u015fi eylemleri k\u0131n\u0131yor ve en sert \u015fekilde [&hellip;]<\/p>","protected":false},"author":1,"featured_media":2027,"comment_status":"closed","ping_status":"closed","sticky":false,"template":"","format":"standard","meta":{"footnotes":""},"categories":[68],"tags":[85,86,70,87,88,89,90],"class_list":["post-2026","post","type-post","status-publish","format-standard","has-post-thumbnail","hentry","category-haberler","tag-bayrak","tag-devlet","tag-devletialiyyeocaklari","tag-gundem","tag-saldirilar","tag-suriye","tag-turkiye"],"_links":{"self":[{"href":"https:\/\/devletialiyye.org.tr\/tr\/wp-json\/wp\/v2\/posts\/2026","targetHints":{"allow":["GET"]}}],"collection":[{"href":"https:\/\/devletialiyye.org.tr\/tr\/wp-json\/wp\/v2\/posts"}],"about":[{"href":"https:\/\/devletialiyye.org.tr\/tr\/wp-json\/wp\/v2\/types\/post"}],"author":[{"embeddable":true,"href":"https:\/\/devletialiyye.org.tr\/tr\/wp-json\/wp\/v2\/users\/1"}],"replies":[{"embeddable":true,"href":"https:\/\/devletialiyye.org.tr\/tr\/wp-json\/wp\/v2\/comments?post=2026"}],"version-history":[{"count":1,"href":"https:\/\/devletialiyye.org.tr\/tr\/wp-json\/wp\/v2\/posts\/2026\/revisions"}],"predecessor-version":[{"id":6197,"href":"https:\/\/devletialiyye.org.tr\/tr\/wp-json\/wp\/v2\/posts\/2026\/revisions\/6197"}],"wp:featuredmedia":[{"embeddable":true,"href":"https:\/\/devletialiyye.org.tr\/tr\/wp-json\/"}],"wp:attachment":[{"href":"https:\/\/devletialiyye.org.tr\/tr\/wp-json\/wp\/v2\/media?parent=2026"}],"wp:term":[{"taxonomy":"category","embeddable":true,"href":"https:\/\/devletialiyye.org.tr\/tr\/wp-json\/wp\/v2\/categories?post=2026"},{"taxonomy":"post_tag","embeddable":true,"href":"https:\/\/devletialiyye.org.tr\/tr\/wp-json\/wp\/v2\/tags?post=2026"}],"curies":[{"name":"wp","href":"https:\/\/api.w.org\/{rel}","templated":true}]}}