{"id":2105,"date":"2024-09-16T14:38:14","date_gmt":"2024-09-16T11:38:14","guid":{"rendered":"https:\/\/devletialiyye.org.tr\/?p=2105"},"modified":"2025-02-25T20:45:21","modified_gmt":"2025-02-25T20:45:21","slug":"mevlid-kandilinin-manevi-huzuru","status":"publish","type":"post","link":"https:\/\/devletialiyye.org.tr\/tr\/mevlid-kandilinin-manevi-huzuru\/","title":{"rendered":"Mevlid Kandili&#8217;nin Manevi Huzuru"},"content":{"rendered":"<p>De\u011ferli Dostlar\u0131m\u0131z ;<\/p>\n<p>Antalya \u0130l Ba\u015fkanl\u0131\u011f\u0131m\u0131z taraf\u0131ndan d\u00fczenlenen Mevlid Kandili \u00d6zel Program\u0131\u2019na ho\u015f geldiniz.<\/p>\n<p>Bu m\u00fcbarek gecede, Peygamber Efendimiz Hz. Muhammed\u2019in (S.A.V) d\u00fcnyay\u0131 \u015fereflendiri\u015fini, onun rahmet ve hikmet dolu hayat\u0131n\u0131, insanl\u0131\u011fa katt\u0131\u011f\u0131 de\u011ferleri bir kez daha anmak \u00fczere topland\u0131k. Mevlid Kandili, ruhlar\u0131m\u0131z\u0131 ar\u0131nd\u0131rmak, kalplerimizi ilahi sevgiyle doldurmak ve Y\u00fcce Allah&#8217;a olan ba\u011fl\u0131l\u0131\u011f\u0131m\u0131z\u0131 yenilemek i\u00e7in e\u015fsiz bir f\u0131rsatt\u0131r.<\/p>\n<p>Peygamber Efendimiz\u2019in \u00f6rnek hayat\u0131, t\u00fcm insanl\u0131k i\u00e7in bir \u0131\u015f\u0131k olmu\u015ftur. O\u2019nun adalet, merhamet, ho\u015fg\u00f6r\u00fc ve karde\u015flik mesajlar\u0131, bug\u00fcn her zamankinden daha fazla ihtiya\u00e7 duydu\u011fumuz de\u011ferlerdir. Bug\u00fcnk\u00fc program\u0131m\u0131zda, hem Efendimiz\u2019in y\u00fcce ahlak\u0131n\u0131 yeniden hat\u0131rlayaca\u011f\u0131z hem de bu de\u011ferleri hayatlar\u0131m\u0131za nas\u0131l daha fazla entegre edebilece\u011fimizi birlikte d\u00fc\u015f\u00fcnece\u011fiz.<\/p>\n<p>Bu anlaml\u0131 gece vesilesiyle, birli\u011fimizin ve karde\u015fli\u011fimizin peki\u015fmesine vesile olmas\u0131n\u0131 temenni ediyoruz. Dualar\u0131m\u0131z, b\u00fct\u00fcn \u0130slam alemi ve insanl\u0131k i\u00e7in bar\u0131\u015f, huzur ve esenlik getirmesi y\u00f6n\u00fcndedir. Peygamber Efendimiz\u2019in s\u00fcnnetine uygun bir ya\u015fam s\u00fcrmeyi, sevgi ve ho\u015fg\u00f6r\u00fcy\u00fc hayat\u0131m\u0131za yerle\u015ftirmeyi Rabbim bizlere nasip etsin.<\/p>\n<p>Program\u0131m\u0131z\u0131n hay\u0131rlara vesile olmas\u0131n\u0131 diliyor, bu m\u00fcbarek geceyi en i\u00e7ten duygularla kutluyoruz. Allah\u2019\u0131n rahmeti, bereketi ve ma\u011ffireti \u00fczerimize olsun.<\/p>\n<p>Mevlid Kandilimiz m\u00fcbarek olsun!<\/p>","protected":false},"excerpt":{"rendered":"<p>De\u011ferli Dostlar\u0131m\u0131z ; Antalya \u0130l Ba\u015fkanl\u0131\u011f\u0131m\u0131z taraf\u0131ndan d\u00fczenlenen Mevlid Kandili \u00d6zel Program\u0131\u2019na ho\u015f geldiniz. Bu m\u00fcbarek gecede, Peygamber Efendimiz Hz. Muhammed\u2019in (S.A.V) d\u00fcnyay\u0131 \u015fereflendiri\u015fini, onun rahmet ve hikmet dolu hayat\u0131n\u0131, insanl\u0131\u011fa katt\u0131\u011f\u0131 de\u011ferleri bir kez daha anmak \u00fczere topland\u0131k. Mevlid Kandili, ruhlar\u0131m\u0131z\u0131 ar\u0131nd\u0131rmak, kalplerimizi ilahi sevgiyle doldurmak ve Y\u00fcce Allah&#8217;a olan ba\u011fl\u0131l\u0131\u011f\u0131m\u0131z\u0131 yenilemek i\u00e7in e\u015fsiz [&hellip;]<\/p>","protected":false},"author":1,"featured_media":6261,"comment_status":"closed","ping_status":"closed","sticky":false,"template":"","format":"standard","meta":{"footnotes":""},"categories":[68],"tags":[95,70,71,72,75,79],"class_list":["post-2105","post","type-post","status-publish","format-standard","has-post-thumbnail","hentry","category-haberler","tag-birlikberaberlik","tag-devletialiyyeocaklari","tag-hanedan","tag-kandil","tag-osmanli","tag-sultanabdulhamid"],"_links":{"self":[{"href":"https:\/\/devletialiyye.org.tr\/tr\/wp-json\/wp\/v2\/posts\/2105","targetHints":{"allow":["GET"]}}],"collection":[{"href":"https:\/\/devletialiyye.org.tr\/tr\/wp-json\/wp\/v2\/posts"}],"about":[{"href":"https:\/\/devletialiyye.org.tr\/tr\/wp-json\/wp\/v2\/types\/post"}],"author":[{"embeddable":true,"href":"https:\/\/devletialiyye.org.tr\/tr\/wp-json\/wp\/v2\/users\/1"}],"replies":[{"embeddable":true,"href":"https:\/\/devletialiyye.org.tr\/tr\/wp-json\/wp\/v2\/comments?post=2105"}],"version-history":[{"count":2,"href":"https:\/\/devletialiyye.org.tr\/tr\/wp-json\/wp\/v2\/posts\/2105\/revisions"}],"predecessor-version":[{"id":6262,"href":"https:\/\/devletialiyye.org.tr\/tr\/wp-json\/wp\/v2\/posts\/2105\/revisions\/6262"}],"wp:featuredmedia":[{"embeddable":true,"href":"https:\/\/devletialiyye.org.tr\/tr\/wp-json\/wp\/v2\/media\/6261"}],"wp:attachment":[{"href":"https:\/\/devletialiyye.org.tr\/tr\/wp-json\/wp\/v2\/media?parent=2105"}],"wp:term":[{"taxonomy":"category","embeddable":true,"href":"https:\/\/devletialiyye.org.tr\/tr\/wp-json\/wp\/v2\/categories?post=2105"},{"taxonomy":"post_tag","embeddable":true,"href":"https:\/\/devletialiyye.org.tr\/tr\/wp-json\/wp\/v2\/tags?post=2105"}],"curies":[{"name":"wp","href":"https:\/\/api.w.org\/{rel}","templated":true}]}}