{"id":667,"date":"2023-03-21T20:49:34","date_gmt":"2023-03-21T20:49:34","guid":{"rendered":"https:\/\/erkamyurt.com.tr\/devletialiyye\/?p=667"},"modified":"2025-02-25T20:45:23","modified_gmt":"2025-02-25T20:45:23","slug":"3-aylara-girdik","status":"publish","type":"post","link":"https:\/\/devletialiyye.org.tr\/tr\/3-aylara-girdik\/","title":{"rendered":"3 Aylara Girdik&#8230;"},"content":{"rendered":"<p>[vc_row][vc_column][vc_column_text]<\/p>\n<div>\n<p>Allah\u00fc te\u00e2l\u00e2, kullar\u0131na \u00e7ok ac\u0131d\u0131\u011f\u0131, merhamet etti\u011fi i\u00e7in, baz\u0131 g\u00fcnlere, gecelere ve aylara k\u0131ymet vermi\u015f, bu zamanlarda yap\u0131lan dua ve t\u00f6vbeleri kabul edece\u011fini bildirmi\u015ftir. Kullar\u0131n\u0131n \u00e7ok ibadet yapmalar\u0131, yalvarmalar\u0131, dua ve t\u00f6vbe etmeleri i\u00e7in bu zaman dilimlerini sebep k\u0131lm\u0131\u015ft\u0131r. Halk aras\u0131nda &#8220;\u00fc\u00e7 aylar&#8221; olarak bilinen Receb, \u015eaban ve Ramazan aylar\u0131n\u0131 da, kullar\u0131n\u0131n yalvarmalar\u0131, dua ve t\u00f6vbe etmeleri i\u00e7in sebep k\u0131lm\u0131\u015ft\u0131r. Bu m\u00fcbarek \u00fc\u00e7 aylar\u0131n ilki Receb ay\u0131d\u0131r ki, \u00c2dem aleyhisselamdan beri k\u0131ymetli idi. Her \u00fcmmet, bu aya sayg\u0131 g\u00f6sterirdi. Receb, muhterem, k\u0131ymetli demektir. Hadis-i \u015feriflerde;<br \/>\n<strong>(Receb, Allah\u00fc te\u00e2l\u00e2n\u0131n ay\u0131d\u0131r. Receb ay\u0131na ikram edene, sayg\u0131 g\u00f6sterene, Allah\u00fc te\u00e2l\u00e2, d\u00fcnyada ve ahirette ikram eder.)<\/strong><\/p>\n<p><strong>(Receb-i \u015ferifin bir g\u00fcn evvelinden, bir g\u00fcn ortas\u0131ndan ve bir g\u00fcn de sonundan oru\u00e7 tutana, Receb-i \u015ferifin hepsini tutmu\u015f\u00e7as\u0131na, Hak te\u00e2l\u00e2 ihsanda bulunur)\u00a0<\/strong>buyuruldu.<\/p>\n<p>\u00dc\u00e7 aylardan ikincisi \u015eaban ay\u0131d\u0131r. Hadis-i \u015feriflerde buyuruldu ki:<br \/>\n<strong>(\u015eaban-\u0131 \u015ferif, benim kendime mahsus bir ayd\u0131r. Hak te\u00e2l\u00e2 Ar\u015f-\u0131 a&#8217;l\u00e2n\u0131n meleklerine azamet-i \u015f\u00e2niyle buyurur ki: Ey benim meleklerim, g\u00f6rd\u00fcn\u00fcz m\u00fc, benim kullar\u0131m sevgilimin ay\u0131na nas\u0131l h\u00fcrmet ediyorlar. \u0130zzim, cel\u00e2lim hakk\u0131 i\u00e7in ben de kullar\u0131m\u0131 af ve ma\u011ffiretime nail eyledim.)<\/strong><\/p>\n<p><strong>(Her kim \u015eaban-\u0131 \u015ferifte \u00fc\u00e7 g\u00fcn oru\u00e7 tutarsa, Hak te\u00e2l\u00e2, Cennet-i a&#8217;l\u00e2da ona bir yer haz\u0131rlar.)<\/strong><\/p>\n<p>\u00dc\u00e7 aylar\u0131n \u00fc\u00e7\u00fcnc\u00fcs\u00fc ise Ramazan ay\u0131d\u0131r. Hadis-i \u015ferifte;<br \/>\n<strong>(Ramazan ay\u0131 gelince, Cennet kap\u0131lar\u0131 a\u00e7\u0131l\u0131r. Cehennem kap\u0131lar\u0131 kapan\u0131r ve \u015feytanlar ba\u011flan\u0131r)<\/strong>\u00a0buyuruldu.<\/p>\n<p>&nbsp;<\/p>\n<p>Devlet-i Aliyye Ocaklar\u0131 olarak t\u00fcm te\u015fkilatlar\u0131m\u0131z ile beraber 3 aylar\u0131n manevi atmsferinden millet olarak istifade edebilmek ad\u0131na temsilciliklerimiz taraf\u0131ndan \u00e7e\u015fitli organizasyonlar d\u00fczenlenecektir<\/p><\/div>\n<p>[\/vc_column_text][vc_video link=&#8221;https:\/\/www.youtube.com\/watch?v=CPdZgB2C1Bs&#8221;][\/vc_column][\/vc_row]<\/p>","protected":false},"excerpt":{"rendered":"<p>[vc_row][vc_column][vc_column_text] Allah\u00fc te\u00e2l\u00e2, kullar\u0131na \u00e7ok ac\u0131d\u0131\u011f\u0131, merhamet etti\u011fi i\u00e7in, baz\u0131 g\u00fcnlere, gecelere ve aylara k\u0131ymet vermi\u015f, bu zamanlarda yap\u0131lan dua ve t\u00f6vbeleri kabul edece\u011fini bildirmi\u015ftir. Kullar\u0131n\u0131n \u00e7ok ibadet yapmalar\u0131, yalvarmalar\u0131, dua ve t\u00f6vbe etmeleri i\u00e7in bu zaman dilimlerini sebep k\u0131lm\u0131\u015ft\u0131r. Halk aras\u0131nda &#8220;\u00fc\u00e7 aylar&#8221; olarak bilinen Receb, \u015eaban ve Ramazan aylar\u0131n\u0131 da, kullar\u0131n\u0131n yalvarmalar\u0131, dua [&hellip;]<\/p>","protected":false},"author":1,"featured_media":668,"comment_status":"closed","ping_status":"closed","sticky":false,"template":"","format":"standard","meta":{"footnotes":""},"categories":[67],"tags":[],"class_list":["post-667","post","type-post","status-publish","format-standard","has-post-thumbnail","hentry","category-etkinlikler"],"_links":{"self":[{"href":"https:\/\/devletialiyye.org.tr\/tr\/wp-json\/wp\/v2\/posts\/667","targetHints":{"allow":["GET"]}}],"collection":[{"href":"https:\/\/devletialiyye.org.tr\/tr\/wp-json\/wp\/v2\/posts"}],"about":[{"href":"https:\/\/devletialiyye.org.tr\/tr\/wp-json\/wp\/v2\/types\/post"}],"author":[{"embeddable":true,"href":"https:\/\/devletialiyye.org.tr\/tr\/wp-json\/wp\/v2\/users\/1"}],"replies":[{"embeddable":true,"href":"https:\/\/devletialiyye.org.tr\/tr\/wp-json\/wp\/v2\/comments?post=667"}],"version-history":[{"count":1,"href":"https:\/\/devletialiyye.org.tr\/tr\/wp-json\/wp\/v2\/posts\/667\/revisions"}],"predecessor-version":[{"id":6247,"href":"https:\/\/devletialiyye.org.tr\/tr\/wp-json\/wp\/v2\/posts\/667\/revisions\/6247"}],"wp:featuredmedia":[{"embeddable":true,"href":"https:\/\/devletialiyye.org.tr\/tr\/wp-json\/"}],"wp:attachment":[{"href":"https:\/\/devletialiyye.org.tr\/tr\/wp-json\/wp\/v2\/media?parent=667"}],"wp:term":[{"taxonomy":"category","embeddable":true,"href":"https:\/\/devletialiyye.org.tr\/tr\/wp-json\/wp\/v2\/categories?post=667"},{"taxonomy":"post_tag","embeddable":true,"href":"https:\/\/devletialiyye.org.tr\/tr\/wp-json\/wp\/v2\/tags?post=667"}],"curies":[{"name":"wp","href":"https:\/\/api.w.org\/{rel}","templated":true}]}}