{"id":793,"date":"2023-03-25T12:36:12","date_gmt":"2023-03-25T12:36:12","guid":{"rendered":"https:\/\/devletialiyye.org.tr\/?p=793"},"modified":"2025-02-25T20:45:23","modified_gmt":"2025-02-25T20:45:23","slug":"vefat-ve-bas-sagligi","status":"publish","type":"post","link":"https:\/\/devletialiyye.org.tr\/tr\/vefat-ve-bas-sagligi\/","title":{"rendered":"VEFAT VE BA\u015e SA\u011eLI\u011eI"},"content":{"rendered":"<h2 class=\"news-detail__text-description d-block\">T\u00fcrkiye Gazetesi yazar\u0131 Prof. Dr. Ahmet \u015eim\u015firgil&#8217;in annesi Hac\u0131 Vasfiye \u015eim\u015firgil, tedavi g\u00f6rd\u00fc\u011f\u00fc hastanede hayat\u0131n\u0131 kaybetti.<\/h2>\n<div class=\"image-wrapper image-wrapper--detail\"><img fetchpriority=\"high\" decoding=\"async\" class=\"featured-image w-100\" src=\"https:\/\/icdn.tgrthaber.com.tr\/crop\/850x400\/images\/haberler\/23-03\/24\/tg-yazar.jpg\" alt=\"T\u00fcrkiye Gazetesi yazar\u0131 Ahmet \u015eim\u015firgil&amp;#039;in anne ac\u0131s\u0131\" width=\"850\" height=\"400\" \/><\/div>\n<div class=\"news-detail__image-info\"><\/div>\n<div id=\"news-content\" class=\"news-detail__content\">\n<p>T\u00fcrkiye Gazetesi yazar\u0131 Prof. Dr. Ahmet \u015eim\u015firgil anne ac\u0131s\u0131yla sars\u0131ld\u0131.\u00a0Bir s\u00fcredir hastanede tedavi g\u00f6ren\u00a0<strong>Hac\u0131 Vasfiye \u015eim\u015firgil<\/strong>, 90 ya\u015f\u0131nda Rahmet-i Rahman&#8217;a kavu\u015ftu.<\/p>\n<p>Ac\u0131 haberi sosyal medya hesab\u0131ndan duyuran Prof. Dr. \u015eim\u015firgil, &#8220;<strong>Can\u0131m annem bu fen\u00e2 yurduna veda ederek beka \u00e2lemine irtihal eyledi. Sevenlerimden \u00fc\u00e7 \u0130hlas bir Fatiha okuyarak dualar\u0131n\u0131 istirham ederim<\/strong>&#8221; ifadelerini kulland\u0131.<\/p>\n<\/div>\n<p>Devlet-i Aliyye Ocaklar\u0131 Genel Ba\u015fkan\u0131 \u015eehzade Abd\u00fclhamid Kay\u0131han OSMANO\u011eLU ; &#8220;Osmano\u011flu Aile Reisi babam \u015eehzade Harun Abd\u00fclkerim OSMANO\u011eLU ad\u0131na ailemiz ve kurulu\u015fumuz ad\u0131na ba\u015f sa\u011fl\u0131\u011f\u0131 dileklerimizi iletiyoruz. Rabbim bu m\u00fcbarek g\u00fcnlerin y\u00fcz\u00fcsuyu h\u00fcrmetine cennetile m\u00fckafatland\u0131rs\u0131n. Allah rahmet eylesin.&#8221;dedi.<\/p>","protected":false},"excerpt":{"rendered":"<p>T\u00fcrkiye Gazetesi yazar\u0131 Prof. Dr. Ahmet \u015eim\u015firgil&#8217;in annesi Hac\u0131 Vasfiye \u015eim\u015firgil, tedavi g\u00f6rd\u00fc\u011f\u00fc hastanede hayat\u0131n\u0131 kaybetti. T\u00fcrkiye Gazetesi yazar\u0131 Prof. Dr. Ahmet \u015eim\u015firgil anne ac\u0131s\u0131yla sars\u0131ld\u0131.\u00a0Bir s\u00fcredir hastanede tedavi g\u00f6ren\u00a0Hac\u0131 Vasfiye \u015eim\u015firgil, 90 ya\u015f\u0131nda Rahmet-i Rahman&#8217;a kavu\u015ftu. Ac\u0131 haberi sosyal medya hesab\u0131ndan duyuran Prof. Dr. \u015eim\u015firgil, &#8220;Can\u0131m annem bu fen\u00e2 yurduna veda ederek beka \u00e2lemine [&hellip;]<\/p>","protected":false},"author":1,"featured_media":794,"comment_status":"closed","ping_status":"closed","sticky":false,"template":"","format":"standard","meta":{"footnotes":""},"categories":[68],"tags":[],"class_list":["post-793","post","type-post","status-publish","format-standard","has-post-thumbnail","hentry","category-haberler"],"_links":{"self":[{"href":"https:\/\/devletialiyye.org.tr\/tr\/wp-json\/wp\/v2\/posts\/793","targetHints":{"allow":["GET"]}}],"collection":[{"href":"https:\/\/devletialiyye.org.tr\/tr\/wp-json\/wp\/v2\/posts"}],"about":[{"href":"https:\/\/devletialiyye.org.tr\/tr\/wp-json\/wp\/v2\/types\/post"}],"author":[{"embeddable":true,"href":"https:\/\/devletialiyye.org.tr\/tr\/wp-json\/wp\/v2\/users\/1"}],"replies":[{"embeddable":true,"href":"https:\/\/devletialiyye.org.tr\/tr\/wp-json\/wp\/v2\/comments?post=793"}],"version-history":[{"count":1,"href":"https:\/\/devletialiyye.org.tr\/tr\/wp-json\/wp\/v2\/posts\/793\/revisions"}],"predecessor-version":[{"id":6234,"href":"https:\/\/devletialiyye.org.tr\/tr\/wp-json\/wp\/v2\/posts\/793\/revisions\/6234"}],"wp:featuredmedia":[{"embeddable":true,"href":"https:\/\/devletialiyye.org.tr\/tr\/wp-json\/"}],"wp:attachment":[{"href":"https:\/\/devletialiyye.org.tr\/tr\/wp-json\/wp\/v2\/media?parent=793"}],"wp:term":[{"taxonomy":"category","embeddable":true,"href":"https:\/\/devletialiyye.org.tr\/tr\/wp-json\/wp\/v2\/categories?post=793"},{"taxonomy":"post_tag","embeddable":true,"href":"https:\/\/devletialiyye.org.tr\/tr\/wp-json\/wp\/v2\/tags?post=793"}],"curies":[{"name":"wp","href":"https:\/\/api.w.org\/{rel}","templated":true}]}}